{"id":30532,"date":"2026-05-01T12:00:43","date_gmt":"2026-05-01T09:00:43","guid":{"rendered":"https:\/\/omrantrk.com\/?p=30532"},"modified":"2026-05-01T12:00:46","modified_gmt":"2026-05-01T09:00:46","slug":"turkiyede-esi-benzeri-gorulmemis-yatirim-tesvikleri-kuresel-sermayeyi-cekme-donemi-mi-basladi","status":"publish","type":"post","link":"https:\/\/omrantrk.com\/tr\/turkiyede-esi-benzeri-gorulmemis-yatirim-tesvikleri-kuresel-sermayeyi-cekme-donemi-mi-basladi\/","title":{"rendered":"T\u00fcrkiye\u2019de E\u015fi Benzeri G\u00f6r\u00fclmemi\u015f Yat\u0131r\u0131m Te\u015fvikleri: K\u00fcresel Sermayeyi \u00c7ekme D\u00f6nemi mi Ba\u015flad\u0131?"},"content":{"rendered":"\n<p>T\u00fcrkiye bug\u00fcn modern ekonomik tarihinde son derece kritik bir e\u015fi\u011fin tam ortas\u0131nda bulunuyor.<\/p>\n\n\n\n<p>A\u00e7\u0131klanan yeni te\u015fvik paketleri, vergi d\u00fczenlemeleri ve yat\u0131r\u0131m dostu yasal reformlar; yaln\u0131zca i\u00e7 piyasay\u0131 canland\u0131rmay\u0131 de\u011fil, do\u011frudan k\u00fcresel sermayeyi <a href=\"https:\/\/omrantrk.com\/tr\/\">T\u00fcrkiye<\/a>\u2019ye y\u00f6nlendirmeyi hedefliyor.<\/p>\n\n\n\n<p>Bu noktada yat\u0131r\u0131mc\u0131lar\u0131n sormas\u0131 gereken temel soru \u015fudur:<\/p>\n\n\n\n<p><strong>Kar\u015f\u0131m\u0131zda s\u0131radan ekonomik d\u00fczenlemeler mi var?<\/strong><strong><br><\/strong><strong>Yoksa T\u00fcrkiye yeni bir k\u00fcresel yat\u0131r\u0131m yar\u0131\u015f\u0131na m\u0131 giriyor?<\/strong><\/p>\n\n\n\n<p>Ger\u00e7e\u011fe en yak\u0131n cevap nettir:<\/p>\n\n\n\n<p><strong>T\u00fcrkiye art\u0131k yaln\u0131zca ekonomisini toparlam\u0131yor; yat\u0131r\u0131m ortam\u0131n\u0131 ba\u015ftan a\u015fa\u011f\u0131 yeniden \u015fekillendiriyor.<\/strong><\/p>\n\n\n\n<p><strong>T\u00fcrkiye\u2019de \u015eu Anda Tam Olarak Ne Oluyor?<\/strong><\/p>\n\n\n\n<p>Ankara taraf\u0131ndan a\u00e7\u0131klanan yeni ekonomik reform paketi birka\u00e7 temel hedef \u00fczerine in\u015fa edildi:<\/p>\n\n\n\n<ul class=\"wp-block-list\">\n<li>Yabanc\u0131 sermayeyi \u00e7ekmek,\u00a0<\/li>\n\n\n\n<li>T\u00fcrkiye\u2019yi b\u00f6lgesel ticaret ve i\u015f merkezi haline getirmek,\u00a0<\/li>\n\n\n\n<li>\u0130hracat\u0131 desteklemek,\u00a0<\/li>\n\n\n\n<li>\u00dcretim g\u00fcc\u00fcn\u00fc art\u0131rmak,\u00a0<\/li>\n\n\n\n<li>Uluslararas\u0131 yat\u0131r\u0131mc\u0131 i\u00e7in daha rekabet\u00e7i bir zemin olu\u015fturmak.\u00a0<\/li>\n<\/ul>\n\n\n\n<p>Ba\u015fka bir ifadeyle:<\/p>\n\n\n\n<p><strong><a href=\"https:\/\/omrantrk.com\/tr\/\">T\u00fcrkiye <\/a>art\u0131k sadece b\u00fcy\u00fcmek istemiyor k\u00fcresel yat\u0131r\u0131mc\u0131n\u0131n yeni adresi olmak istiyor.<\/strong><\/p>\n\n\n\n<p><strong>Vergi \u0130ndirimi: D\u00f6n\u00fcm Noktas\u0131n\u0131 Olu\u015fturan Hamle<\/strong><\/p>\n\n\n\n<p>A\u00e7\u0131klanan paketin en dikkat \u00e7eken maddelerinden biri kurumlar vergisindeki radikal indirim oldu.<\/p>\n\n\n\n<p>Yeni d\u00fczenlemeye g\u00f6re:<\/p>\n\n\n\n<ul class=\"wp-block-list\">\n<li>Sanayi ihracat\u00e7\u0131lar\u0131nda kurumlar vergisi %20 seviyesinden %9\u2019a indiriliyor,\u00a0<\/li>\n\n\n\n<li>Hizmet ihracat\u0131nda vergi avantajlar\u0131 daha da geni\u015fletiliyor.\u00a0<\/li>\n<\/ul>\n\n\n\n<p>Bu karar\u0131n anlam\u0131 son derece b\u00fcy\u00fckt\u00fcr:<\/p>\n\n\n\n<ul class=\"wp-block-list\">\n<li>\u00dcretim maliyetleri d\u00fc\u015fer,\u00a0<\/li>\n\n\n\n<li>\u0130hracat yapan \u015firketlerin k\u00e2rl\u0131l\u0131\u011f\u0131 artar,\u00a0<\/li>\n\n\n\n<li>T\u00fcrkiye \u00fcretim \u00fcss\u00fc olarak daha cazip hale gelir,\u00a0<\/li>\n\n\n\n<li>Yabanc\u0131 sanayi \u015firketleri i\u00e7in do\u011frudan yat\u0131r\u0131m i\u015ftah\u0131 olu\u015fur.\u00a0<\/li>\n<\/ul>\n\n\n\n<p>Bug\u00fcn d\u00fcnyada \u015firketlerin arad\u0131\u011f\u0131 \u015fey ideoloji de\u011fil, maliyet avantaj\u0131d\u0131r.<\/p>\n\n\n\n<p>Ve T\u00fcrkiye a\u00e7\u0131k \u015fekilde \u015fu mesaj\u0131 vermektedir:<\/p>\n\n\n\n<p><strong>\u201c\u00dcretmek istiyorsan, gel.\u201d<\/strong>&nbsp;<\/p>\n\n\n\n<p><strong>Yurt D\u0131\u015f\u0131ndaki Sermayenin Geri D\u00f6n\u00fc\u015f\u00fc<\/strong><\/p>\n\n\n\n<p>Ekonomik paketin bir di\u011fer \u00f6nemli aya\u011f\u0131 ise d\u0131\u015far\u0131da bekleyen T\u00fcrk sermayesinin ve kay\u0131t d\u0131\u015f\u0131 finansal varl\u0131klar\u0131n sisteme geri kazand\u0131r\u0131lmas\u0131d\u0131r.<\/p>\n\n\n\n<p>Bu kapsamda:<\/p>\n\n\n\n<ul class=\"wp-block-list\">\n<li>Yurt d\u0131\u015f\u0131ndaki para ve alt\u0131n\u0131n \u00fclkeye d\u00f6n\u00fc\u015f\u00fc te\u015fvik ediliyor,\u00a0<\/li>\n\n\n\n<li>D\u00fc\u015f\u00fck vergi y\u00fck\u00fc ve kolay beyan mekanizmalar\u0131 sunuluyor.\u00a0<\/li>\n<\/ul>\n\n\n\n<p>Bu ne demek?<\/p>\n\n\n\n<ul class=\"wp-block-list\">\n<li>Piyasaya yeni likidite giri\u015fi,\u00a0<\/li>\n\n\n\n<li>Bankac\u0131l\u0131k sisteminin rahatlamas\u0131,\u00a0<\/li>\n\n\n\n<li>Yat\u0131r\u0131m hacminin b\u00fcy\u00fcmesi,\u00a0<\/li>\n\n\n\n<li>D\u00f6viz \u00fczerindeki bask\u0131n\u0131n azalmas\u0131.\u00a0<\/li>\n<\/ul>\n\n\n\n<p>Burada kritik nokta \u015fudur:<\/p>\n\n\n\n<p>Bu tamamen yeni para giri\u015fi olmasa bile, <strong>at\u0131l duran sermayenin ekonomiye yeniden dahil olmas\u0131 piyasay\u0131 do\u011frudan canland\u0131r\u0131r.<\/strong><\/p>\n\n\n\n<p><strong>\u0130stanbul Finans Merkezi: T\u00fcrkiye\u2019nin K\u00fcresel Vitrini<\/strong><\/p>\n\n\n\n<p>T\u00fcrkiye\u2019nin yaln\u0131zca sanayiye de\u011fil, uluslararas\u0131 finansa da oynad\u0131\u011f\u0131 a\u00e7\u0131k\u00e7a g\u00f6r\u00fcl\u00fcyor.<\/p>\n\n\n\n<p>\u0130stanbul Finans Merkezi kapsam\u0131nda a\u00e7\u0131klanan te\u015fvikler bunun en g\u00fc\u00e7l\u00fc kan\u0131t\u0131:<\/p>\n\n\n\n<ul class=\"wp-block-list\">\n<li>Baz\u0131 uluslararas\u0131 finansal faaliyetlerde %100\u2019e varan vergi muafiyetleri,\u00a0<\/li>\n\n\n\n<li>Transit ticarette ciddi kurumlar vergisi avantaj\u0131,\u00a0<\/li>\n\n\n\n<li>Yabanc\u0131 finans profesyonelleri i\u00e7in gelir vergisi istisnalar\u0131,\u00a0<\/li>\n\n\n\n<li>Uluslararas\u0131 \u015firketler i\u00e7in operasyonel kolayl\u0131klar.\u00a0<\/li>\n<\/ul>\n\n\n\n<p>Ama\u00e7 \u00e7ok net:<\/p>\n\n\n\n<p><strong>\u0130stanbul\u2019u yaln\u0131zca T\u00fcrkiye\u2019nin de\u011fil, b\u00f6lgenin para ve ticaret merkezi haline getirmek.<\/strong>&nbsp;<\/p>\n\n\n\n<p><strong>B\u00fcrokratik Engel Azal\u0131yor: Tek Durak Ofis Sistemi<\/strong><\/p>\n\n\n\n<p>Yabanc\u0131 yat\u0131r\u0131mc\u0131n\u0131n T\u00fcrkiye\u2019de y\u0131llard\u0131r en \u00e7ok \u015fik\u00e2yet etti\u011fi alan belliydi: karma\u015f\u0131k i\u015flemler, uzayan evrak s\u00fcre\u00e7leri ve kurumsal da\u011f\u0131n\u0131kl\u0131k.<\/p>\n\n\n\n<p>Yeni yat\u0131r\u0131m modeliyle birlikte:<\/p>\n\n\n\n<ul class=\"wp-block-list\">\n<li>\u015eirket kurulu\u015fu,\u00a0<\/li>\n\n\n\n<li>Oturum i\u015flemleri,\u00a0<\/li>\n\n\n\n<li>\u0130zinler,\u00a0<\/li>\n\n\n\n<li>Lisanslar,\u00a0<\/li>\n\n\n\n<li>Vergi s\u00fcre\u00e7leri daha merkezi ve tek noktadan y\u00f6netilen bir sisteme ba\u011flan\u0131yor.<\/li>\n<\/ul>\n\n\n\n<p>\u00c7\u00fcnk\u00fc modern yat\u0131r\u0131mc\u0131 \u015funu ister: <strong>belirsizlik de\u011fil h\u0131z karma\u015fa de\u011fil \u015feffafl\u0131k.<\/strong><\/p>\n\n\n\n<p>T\u00fcrkiye de tam olarak bunu vermeye \u00e7al\u0131\u015f\u0131yor.<\/p>\n\n\n\n<p><strong>Bu Geli\u015fmeler Arap Yat\u0131r\u0131mc\u0131 \u0130\u00e7in Ne Anlama Geliyor?<\/strong><\/p>\n\n\n\n<p>As\u0131l \u00f6nemli ba\u015fl\u0131k burada ba\u015fl\u0131yor.<\/p>\n\n\n\n<p>Bu te\u015fvikler sadece b\u00fcy\u00fck holdinglere de\u011fil;<\/p>\n\n\n\n<ul class=\"wp-block-list\">\n<li>Gayrimenkul yat\u0131r\u0131mc\u0131lar\u0131na,\u00a0<\/li>\n\n\n\n<li>Orta \u00f6l\u00e7ekli i\u015f insanlar\u0131na,\u00a0<\/li>\n\n\n\n<li>Yeni giri\u015fimcilere,\u00a0<\/li>\n\n\n\n<li>\u015eirket kurmak isteyen yabanc\u0131lara \u00e7ok ciddi kap\u0131lar a\u00e7\u0131yor.<\/li>\n<\/ul>\n\n\n\n<p>Beklenen sonu\u00e7lar:<\/p>\n\n\n\n<ul class=\"wp-block-list\">\n<li>Pazara giri\u015f maliyetinin d\u00fc\u015fmesi,\u00a0<\/li>\n\n\n\n<li>Yat\u0131r\u0131m geri d\u00f6n\u00fc\u015f s\u00fcresinin k\u0131salmas\u0131,\u00a0<\/li>\n\n\n\n<li>Daha \u00f6ng\u00f6r\u00fclebilir bir ekonomik zemin,\u00a0<\/li>\n\n\n\n<li>Hukuki ve mali te\u015fviklerle desteklenen yat\u0131r\u0131m g\u00fcveni.\u00a0<\/li>\n<\/ul>\n\n\n\n<p>Yat\u0131r\u0131m d\u00fcnyas\u0131n\u0131n de\u011fi\u015fmeyen kural\u0131 vard\u0131r:<\/p>\n\n\n\n<p><strong>D\u00f6n\u00fc\u015f\u00fcm\u00fcn ba\u015f\u0131nda girenler, olgunla\u015fm\u0131\u015f piyasaya girenlerden \u00e7ok daha y\u00fcksek kazan\u00e7 sa\u011flar.<\/strong><\/p>\n\n\n\n<p><strong>Gayrimenkul Piyasas\u0131na Etkisi Ka\u00e7\u0131n\u0131lmaz<\/strong><\/p>\n\n\n\n<p>Ekonomik iklim g\u00fc\u00e7lendik\u00e7e bunun ilk yans\u0131d\u0131\u011f\u0131 alanlardan biri daima gayrimenkul olur.<\/p>\n\n\n\n<p>\u00c7\u00fcnk\u00fc:<\/p>\n\n\n\n<ul class=\"wp-block-list\">\n<li>Yeni \u015firketler ofis ister,\u00a0<\/li>\n\n\n\n<li>Yeni n\u00fcfus konut ister,\u00a0<\/li>\n\n\n\n<li>Artan sermaye g\u00fcvenli liman arar,\u00a0<\/li>\n\n\n\n<li>B\u00fcy\u00fcyen \u015fehirler yeni projeler \u00fcretir.\u00a0<\/li>\n<\/ul>\n\n\n\n<p>Sonu\u00e7 olarak:<\/p>\n\n\n\n<ul class=\"wp-block-list\">\n<li>Konut talebi artar,\u00a0<\/li>\n\n\n\n<li>Ticari gayrimenkul de\u011ferlenir,\u00a0<\/li>\n\n\n\n<li>Arsa fiyatlar\u0131 y\u00fckselir,\u00a0<\/li>\n\n\n\n<li>Yeni ya\u015fam projeleri h\u0131z kazan\u0131r.\u00a0<\/li>\n<\/ul>\n\n\n\n<p>\u00d6zellikle b\u00fcy\u00fcme merkezlerine yak\u0131n b\u00f6lgeler bu hareketi daha erken hisseder.<\/p>\n\n\n\n<p>Ba\u015fta: \u0130stanbul Yalova gibi \u015fehirler yat\u0131r\u0131mc\u0131n\u0131n radar\u0131nda olmas\u0131 gereken lokasyonlard\u0131r.<\/p>\n\n\n\n<p>\u00c7\u00fcnk\u00fc fiyatlar\u0131n zirve yapt\u0131\u011f\u0131 yerler de\u011fil; <strong>zirveye y\u00fcr\u00fcmekte olan yerler ger\u00e7ek f\u0131rsat alan\u0131d\u0131r.<\/strong><\/p>\n\n\n\n<p><strong>Risk yok mu? Elbette Var Ama\u2026<\/strong><\/p>\n\n\n\n<p>Hi\u00e7bir ekonomik reform sihirli de\u011fnek de\u011fildir.<\/p>\n\n\n\n<p>Dikkat edilmesi gereken ba\u015fl\u0131klar h\u00e2l\u00e2 mevcut:<\/p>\n\n\n\n<ul class=\"wp-block-list\">\n<li>Reformlar\u0131n uygulanma h\u0131z\u0131,\u00a0<\/li>\n\n\n\n<li>Enflasyonla m\u00fccadelede kararl\u0131l\u0131k,\u00a0<\/li>\n\n\n\n<li>Uluslararas\u0131 yat\u0131r\u0131mc\u0131 g\u00fcveninin korunmas\u0131.\u00a0<\/li>\n<\/ul>\n\n\n\n<p>Yani k\u00e2\u011f\u0131t \u00fczerindeki te\u015fvik tek ba\u015f\u0131na yetmez.<\/p>\n\n\n\n<p>Ba\u015far\u0131, devletin bunu sahada ne kadar disiplinli uygulayaca\u011f\u0131yla \u00f6l\u00e7\u00fcl\u00fcr.<\/p>\n\n\n\n<p>Fakat \u015fu an g\u00f6r\u00fcnen tablo \u015fudur:<\/p>\n\n\n\n<p><strong>T\u00fcrkiye niyet beyan\u0131 a\u015famas\u0131n\u0131 ge\u00e7ti, uygulama s\u00fcrecine girdi.<\/strong><\/p>\n\n\n\n<p>Bu \u00e7ok \u00f6nemli bir farkt\u0131r.<\/p>\n\n\n\n<p><strong>Nihai Analiz<\/strong><\/p>\n\n\n\n<p>Bug\u00fcn T\u00fcrkiye\u2019de olan \u015fey yaln\u0131zca birka\u00e7 vergi indirimi de\u011fildir.<\/p>\n\n\n\n<p>Bu; <strong>d\u00fcnyaya verilmi\u015f a\u00e7\u0131k bir yat\u0131r\u0131m \u00e7a\u011fr\u0131s\u0131d\u0131r.<\/strong><\/p>\n\n\n\n<p>Mesaj nettir:<\/p>\n\n\n\n<p><strong>\u201cT\u00fcrkiye sermaye kabul\u00fcne haz\u0131r.\u201d<\/strong><\/p>\n\n\n\n<p>Ve k\u00fcresel para her zaman \u00fc\u00e7 \u015feye gider:<\/p>\n\n\n\n<ul class=\"wp-block-list\">\n<li>G\u00fcven,\u00a0<\/li>\n\n\n\n<li>Kazan\u00e7,\u00a0<\/li>\n\n\n\n<li>B\u00fcy\u00fcme potansiyeli.\u00a0<\/li>\n<\/ul>\n\n\n\n<p>T\u00fcrkiye \u015fu anda bu \u00fc\u00e7 ba\u015fl\u0131\u011f\u0131 ayn\u0131 masaya koymaya \u00e7al\u0131\u015f\u0131yor.<\/p>\n\n\n\n<p><strong><a href=\"https:\/\/omrantrk.com\/tr\/\">Omran TRK<\/a> ile Do\u011fru Zamanda Do\u011fru Ad\u0131m<\/strong><\/p>\n\n\n\n<p>Omran TRK olarak biz piyasay\u0131 yaln\u0131zca bug\u00fcnk\u00fc sat\u0131\u015f fiyatlar\u0131 \u00fczerinden okumuyoruz.<\/p>\n\n\n\n<p>Biz;<\/p>\n\n\n\n<ul class=\"wp-block-list\">\n<li>Ekonomik reformlar\u0131,\u00a0<\/li>\n\n\n\n<li>Devlet te\u015fviklerini,\u00a0<\/li>\n\n\n\n<li>Sermaye hareketlerini,\u00a0<\/li>\n\n\n\n<li>\u015eehir bazl\u0131 b\u00fcy\u00fcme verilerini bir arada analiz ederek yat\u0131r\u0131mc\u0131ya ger\u00e7ek zamanl\u0131 f\u0131rsatlar sunuyoruz.<\/li>\n<\/ul>\n\n\n\n<p>Size yard\u0131mc\u0131 oluyoruz:<\/p>\n\n\n\n<ul class=\"wp-block-list\">\n<li>Do\u011fru yat\u0131r\u0131m b\u00f6lgesini belirlemede,\u00a0<\/li>\n\n\n\n<li>Fiyatlar y\u00fckselmeden pozisyon almada,\u00a0<\/li>\n\n\n\n<li>Uzun vadeli de\u011fer art\u0131\u015f\u0131 sa\u011flayacak projeleri se\u00e7mede.\u00a0<\/li>\n<\/ul>\n\n\n\n<p><strong>Sonu\u00e7<\/strong><\/p>\n\n\n\n<p>T\u00fcrkiye bug\u00fcn sadece te\u015fvik a\u00e7\u0131klam\u0131yor.<\/p>\n\n\n\n<p><strong>B\u00f6lgedeki yat\u0131r\u0131m haritas\u0131n\u0131 yeniden \u00e7iziyor.<\/strong><\/p>\n\n\n\n<p>Bu d\u00f6n\u00fc\u015f\u00fcm tamamland\u0131\u011f\u0131nda herkes f\u0131rsat\u0131 g\u00f6recek.<\/p>\n\n\n\n<p>Ancak b\u00fcy\u00fck kazan\u00e7 her zaman \u015funu yapan\u0131nd\u0131r: <strong>f\u0131rsat\u0131 herkes g\u00f6rmeden \u00f6nce g\u00f6renin.<\/strong><\/p>\n\n\n\n<p>Bug\u00fcn T\u00fcrkiye\u2019de ba\u015flayan s\u00fcre\u00e7 tam olarak budur.<\/p>\n\n\n\n<p>Ve bu s\u00fcreci erken okuyan yat\u0131r\u0131mc\u0131, yar\u0131n\u0131n kazanan\u0131 olacakt\u0131r.<\/p>\n\n\n\n<p><strong>Yazar: Abd\u00fclaziz Ka\u015fifo\u011flu<\/strong><\/p>\n","protected":false},"excerpt":{"rendered":"<p>T\u00fcrkiye bug\u00fcn modern ekonomik tarihinde son derece kritik bir e\u015fi\u011fin tam ortas\u0131nda bulunuyor. A\u00e7\u0131klanan yeni te\u015fvik paketleri, vergi d\u00fczenlemeleri ve yat\u0131r\u0131m dostu yasal reformlar; yaln\u0131zca i\u00e7 piyasay\u0131 canland\u0131rmay\u0131 de\u011fil, do\u011frudan k\u00fcresel sermayeyi T\u00fcrkiye\u2019ye y\u00f6nlendirmeyi hedefliyor. Bu noktada yat\u0131r\u0131mc\u0131lar\u0131n sormas\u0131 gereken temel soru \u015fudur: Kar\u015f\u0131m\u0131zda s\u0131radan ekonomik d\u00fczenlemeler mi var?Yoksa T\u00fcrkiye yeni bir k\u00fcresel yat\u0131r\u0131m yar\u0131\u015f\u0131na [&hellip;]<\/p>\n","protected":false},"author":2,"featured_media":30512,"comment_status":"open","ping_status":"open","sticky":false,"template":"","format":"standard","meta":{"_seopress_robots_primary_cat":"none","_seopress_titles_title":"T\u00fcrkiye\u2019de E\u015fi Benzeri G\u00f6r\u00fclmemi\u015f Yat\u0131r\u0131m Te\u015fvikleri: K\u00fcresel Sermayeyi \u00c7ekme D\u00f6nemi mi Ba\u015flad\u0131?","_seopress_titles_desc":"","_seopress_robots_index":"","footnotes":""},"categories":[272],"tags":[],"class_list":["post-30532","post","type-post","status-publish","format-standard","has-post-thumbnail","hentry","category-gayrimenkul"],"_links":{"self":[{"href":"https:\/\/omrantrk.com\/tr\/wp-json\/wp\/v2\/posts\/30532","targetHints":{"allow":["GET"]}}],"collection":[{"href":"https:\/\/omrantrk.com\/tr\/wp-json\/wp\/v2\/posts"}],"about":[{"href":"https:\/\/omrantrk.com\/tr\/wp-json\/wp\/v2\/types\/post"}],"author":[{"embeddable":true,"href":"https:\/\/omrantrk.com\/tr\/wp-json\/wp\/v2\/users\/2"}],"replies":[{"embeddable":true,"href":"https:\/\/omrantrk.com\/tr\/wp-json\/wp\/v2\/comments?post=30532"}],"version-history":[{"count":1,"href":"https:\/\/omrantrk.com\/tr\/wp-json\/wp\/v2\/posts\/30532\/revisions"}],"predecessor-version":[{"id":30540,"href":"https:\/\/omrantrk.com\/tr\/wp-json\/wp\/v2\/posts\/30532\/revisions\/30540"}],"wp:featuredmedia":[{"embeddable":true,"href":"https:\/\/omrantrk.com\/tr\/wp-json\/wp\/v2\/media\/30512"}],"wp:attachment":[{"href":"https:\/\/omrantrk.com\/tr\/wp-json\/wp\/v2\/media?parent=30532"}],"wp:term":[{"taxonomy":"category","embeddable":true,"href":"https:\/\/omrantrk.com\/tr\/wp-json\/wp\/v2\/categories?post=30532"},{"taxonomy":"post_tag","embeddable":true,"href":"https:\/\/omrantrk.com\/tr\/wp-json\/wp\/v2\/tags?post=30532"}],"curies":[{"name":"wp","href":"https:\/\/api.w.org\/{rel}","templated":true}]}}