{"id":30376,"date":"2026-04-29T10:26:42","date_gmt":"2026-04-29T07:26:42","guid":{"rendered":"https:\/\/omrantrk.com\/?p=30376"},"modified":"2026-04-29T10:26:45","modified_gmt":"2026-04-29T07:26:45","slug":"turk-dogal-gazi-turkiye-ekonomisinin-gelecegini-degistirir-mi-peki-bunun-gayrimenkul-yatirim-firsatlariyla-iliskisi-nedir","status":"publish","type":"post","link":"https:\/\/omrantrk.com\/tr\/turk-dogal-gazi-turkiye-ekonomisinin-gelecegini-degistirir-mi-peki-bunun-gayrimenkul-yatirim-firsatlariyla-iliskisi-nedir\/","title":{"rendered":"T\u00fcrk Do\u011fal Gaz\u0131 T\u00fcrkiye Ekonomisinin Gelece\u011fini De\u011fi\u015ftirir mi? Peki Bunun Gayrimenkul Yat\u0131r\u0131m F\u0131rsatlar\u0131yla \u0130li\u015fkisi Nedir?"},"content":{"rendered":"\n<p>Son y\u0131llarda enerji konusu <a href=\"https:\/\/omrantrk.com\/tr\">T\u00fcrkiye <\/a>ekonomisindeki en kritik ba\u015fl\u0131klardan biri haline geldi. \u00d6zellikle Karadeniz\u2019de ke\u015ffedilen do\u011fal gaz rezervleriyle birlikte, enerji dosyas\u0131 yeniden yat\u0131r\u0131mc\u0131lar\u0131n ve ekonomistlerin g\u00fcndeminin merkezine yerle\u015fti.<\/p>\n\n\n\n<p>Ancak bug\u00fcn yat\u0131r\u0131mc\u0131lar\u0131n sordu\u011fu as\u0131l soru yaln\u0131zca \u015fu de\u011fil:<\/p>\n\n\n\n<p><strong>\u201cT\u00fcrkiye do\u011fal gaz buldu mu?\u201d<\/strong><\/p>\n\n\n\n<p>As\u0131l soru \u015fudur:<\/p>\n\n\n\n<p><strong>\u201cBu geli\u015fme ekonomiye nas\u0131l yans\u0131yacak ve yat\u0131r\u0131m f\u0131rsatlar\u0131n\u0131 nas\u0131l etkileyecek?\u201d<\/strong><\/p>\n\n\n\n<p>Cevap net:<\/p>\n\n\n\n<p><strong>Evet, T\u00fcrk do\u011fal gaz\u0131 \u00f6nemli bir d\u00f6n\u00fc\u015f\u00fcm unsurudur. Ancak bu etkinin sonucu ani de\u011fil, stratejik ve kademeli olacakt\u0131r.<\/strong><\/p>\n\n\n\n<p><strong>Tam Ba\u011f\u0131ml\u0131l\u0131ktan K\u0131smi Enerji Ba\u011f\u0131ms\u0131zl\u0131\u011f\u0131na Ge\u00e7i\u015f<\/strong><\/p>\n\n\n\n<p>Konuyu do\u011fru anlamak i\u00e7in \u00f6nce T\u00fcrkiye\u2019nin enerji tablosuna bakmak gerekir:<\/p>\n\n\n\n<ul class=\"wp-block-list\">\n<li>T\u00fcrkiye uzun y\u0131llard\u0131r enerji ihtiyac\u0131n\u0131n b\u00fcy\u00fck b\u00f6l\u00fcm\u00fcn\u00fc ithalatla kar\u015f\u0131layan bir \u00fclke konumundayd\u0131.<\/li>\n\n\n\n<li>Y\u0131ll\u0131k do\u011fal gaz t\u00fcketimi yakla\u015f\u0131k 50\u201360 milyar metrek\u00fcp aras\u0131nda de\u011fi\u015fmektedir.<\/li>\n\n\n\n<li>Bu durum her y\u0131l milyarlarca dolarl\u0131k d\u00f6viz \u00e7\u0131k\u0131\u015f\u0131 anlam\u0131na gelmektedir.<\/li>\n<\/ul>\n\n\n\n<p>Dolay\u0131s\u0131yla enerji ithalat\u0131, <a href=\"https:\/\/omrantrk.com\/tr\/\">T\u00fcrkiye <\/a>ekonomisindeki cari a\u00e7\u0131\u011f\u0131n ve kur bask\u0131s\u0131n\u0131n en \u00f6nemli sebeplerinden biri olmu\u015ftur.<\/p>\n\n\n\n<p><strong>Sakarya Gaz Sahas\u0131: D\u00f6n\u00fc\u015f\u00fcm\u00fcn \u0130lk Ger\u00e7ek Ad\u0131m\u0131<\/strong><\/p>\n\n\n\n<p>Karadeniz\u2019de ke\u015ffedilen Sakarya Gaz Sahas\u0131 ile T\u00fcrkiye enerji alan\u0131nda tarih\u00ee bir e\u015fi\u011fe girmi\u015ftir.<\/p>\n\n\n\n<p>Bug\u00fcn gelinen noktada:<\/p>\n\n\n\n<ul class=\"wp-block-list\">\n<li>G\u00fcnl\u00fck \u00fcretim yakla\u015f\u0131k <strong>9,5 milyon metrek\u00fcp<\/strong><\/li>\n\n\n\n<li>Toplam k\u00fcm\u00fclatif \u00fcretim <strong>6 milyar metrek\u00fcp<\/strong><\/li>\n\n\n\n<li>Yakla\u015f\u0131k <strong>4 milyon haneye yerli gaz arz\u0131<\/strong> sa\u011flanm\u0131\u015f durumdad\u0131r. (<a href=\"https:\/\/www.ahaber.com.tr\/ekonomi\/2026\/04\/25\/mavi-vatanin-enerji-ussu-buyuyor-hedef-gunluk-20-milyon-metrekup?utm_source=chatgpt.com\">A Haber<\/a>)<\/li>\n<\/ul>\n\n\n\n<p>\u0130lk bak\u0131\u015fta bu oran toplam t\u00fcketim i\u00e7inde s\u0131n\u0131rl\u0131 g\u00f6r\u00fcnebilir.<\/p>\n\n\n\n<p>Ancak ekonomide \u00f6nemli olan yaln\u0131zca mevcut rakam de\u011fil, olu\u015fturulan \u00fcretim altyap\u0131s\u0131 ve ba\u011f\u0131ms\u0131zl\u0131k y\u00f6n\u00fcnde at\u0131lan ad\u0131md\u0131r.<\/p>\n\n\n\n<p>\u00c7\u00fcnk\u00fc bu art\u0131k bir ke\u015fif haberi de\u011fil <strong>fiilen \u00e7al\u0131\u015fan bir enerji \u00fcretim sistemidir.<\/strong><\/p>\n\n\n\n<p><strong>\u00d6n\u00fcm\u00fczdeki Y\u0131llarda T\u00fcrkiye\u2019yi Ne Bekliyor?<\/strong><\/p>\n\n\n\n<p>Enerji ve Tabii Kaynaklar Bakanl\u0131\u011f\u0131 taraf\u0131ndan a\u00e7\u0131klanan hedeflere g\u00f6re:<\/p>\n\n\n\n<p><strong>K\u0131sa Vadeli \u0130kinci Faz<\/strong><\/p>\n\n\n\n<ul class=\"wp-block-list\">\n<li>G\u00fcnl\u00fck \u00fcretimin <strong>20 milyon metrek\u00fcpe<\/strong> \u00e7\u0131kar\u0131lmas\u0131 planlan\u0131yor.<\/li>\n<\/ul>\n\n\n\n<p><strong>2028 B\u00fcy\u00fck Hedefi<\/strong><\/p>\n\n\n\n<ul class=\"wp-block-list\">\n<li>G\u00fcnl\u00fck \u00fcretimin <strong>40 milyon metrek\u00fcpe<\/strong> ula\u015fmas\u0131 \u00f6ng\u00f6r\u00fcl\u00fcyor.<\/li>\n<\/ul>\n\n\n\n<p>Bu da y\u0131ll\u0131k bazda T\u00fcrkiye\u2019nin do\u011fal gaz ihtiyac\u0131n\u0131n \u00e7ok daha ciddi bir b\u00f6l\u00fcm\u00fcn\u00fcn yerli kaynaklarla kar\u015f\u0131lanmas\u0131 anlam\u0131na geliyor. (<a href=\"https:\/\/aa.com.tr\/tr\/gundem\/sakarya-gaz-sahasinda-gunluk-uretim-9-5-milyon-metrekupe-ulasti\/3543998?utm_source=chatgpt.com\">Anadolu Ajans\u0131<\/a>)<\/p>\n\n\n\n<p>Yani mesele yaln\u0131zca bug\u00fcnk\u00fc \u00fcretim de\u011fil;<\/p>\n\n\n\n<p><strong>T\u00fcrkiye\u2019nin enerji denkleminde d\u0131\u015fa ba\u011f\u0131ml\u0131l\u0131\u011f\u0131 ad\u0131m ad\u0131m azaltacak yeni bir d\u00f6neme girmesidir.<\/strong><\/p>\n\n\n\n<p><strong>Ekonomik G\u00fc\u00e7 Tam Olarak Nerede Ortaya \u00c7\u0131k\u0131yor?<\/strong><\/p>\n\n\n\n<p><strong>1. \u0130thalat Faturas\u0131n\u0131n Azalmas\u0131<\/strong><\/p>\n\n\n\n<p>Yerli gaz \u00fcretimindeki her art\u0131\u015f:<\/p>\n\n\n\n<ul class=\"wp-block-list\">\n<li>D\u0131\u015far\u0131ya giden d\u00f6vizin azalmas\u0131,<\/li>\n\n\n\n<li>Cari a\u00e7\u0131\u011f\u0131n hafiflemesi,<\/li>\n\n\n\n<li>Ekonomik k\u0131r\u0131lganl\u0131\u011f\u0131n d\u00fc\u015fmesi demektir.<\/li>\n<\/ul>\n\n\n\n<p><strong>2. Kur \u00dczerindeki Bask\u0131n\u0131n Hafiflemesi<\/strong><\/p>\n\n\n\n<p>Enerji i\u00e7in daha az dolar ihtiyac\u0131:<\/p>\n\n\n\n<ul class=\"wp-block-list\">\n<li>D\u00f6viz talebinin d\u00fc\u015fmesi,<\/li>\n\n\n\n<li>T\u00fcrk liras\u0131 \u00fczerindeki bask\u0131n\u0131n azalmas\u0131,<\/li>\n\n\n\n<li>Finansal istikrar\u0131n g\u00fc\u00e7lenmesi anlam\u0131na gelir.<\/li>\n<\/ul>\n\n\n\n<p><strong>3. Sanayi ve \u00dcretim Maliyetlerinde Avantaj<\/strong><\/p>\n\n\n\n<p>Enerji fiyatlar\u0131ndaki oynakl\u0131\u011f\u0131n azalmas\u0131:<\/p>\n\n\n\n<ul class=\"wp-block-list\">\n<li>\u00dcretim maliyetlerini dengeler,<\/li>\n\n\n\n<li>Sanayi yat\u0131r\u0131mlar\u0131n\u0131 destekler,<\/li>\n\n\n\n<li>\u0130n\u015faat ve yap\u0131 malzemesi sekt\u00f6r\u00fcne dolayl\u0131 rahatlama sa\u011flar.<\/li>\n<\/ul>\n\n\n\n<p><strong>4. Enerji G\u00fcvenli\u011fi = Ekonomik G\u00fcven<\/strong><\/p>\n\n\n\n<p>Bir \u00fclkenin enerjiye eri\u015fim g\u00fcvenli\u011fi artt\u0131k\u00e7a:<\/p>\n\n\n\n<ul class=\"wp-block-list\">\n<li>Yat\u0131r\u0131mc\u0131 g\u00fcveni artar,<\/li>\n\n\n\n<li>Uzun vadeli planlama kolayla\u015f\u0131r,<\/li>\n\n\n\n<li>Ekonomik karar alma esnekli\u011fi y\u00fckselir.<\/li>\n<\/ul>\n\n\n\n<p>Bu nokta yabanc\u0131 yat\u0131r\u0131mc\u0131 a\u00e7\u0131s\u0131ndan son derece \u00f6nemlidir.<\/p>\n\n\n\n<p><strong>T\u00fcrkiye Tam Enerji Ba\u011f\u0131ms\u0131zl\u0131\u011f\u0131na Ula\u015facak m\u0131?<\/strong><\/p>\n\n\n\n<p>Ger\u00e7ek\u00e7i konu\u015fmak gerekir:<\/p>\n\n\n\n<p><strong>K\u0131sa vadede tam enerji ba\u011f\u0131ms\u0131zl\u0131\u011f\u0131 beklemek do\u011fru de\u011fildir.<\/strong><\/p>\n\n\n\n<p>T\u00fcrkiye h\u00e2l\u00e2 b\u00fcy\u00fck bir t\u00fcketici \u00fclkesidir.<\/p>\n\n\n\n<p>Ancak art\u0131k denklem de\u011fi\u015fmektedir:<\/p>\n\n\n\n<p>T\u00fcrkiye tamamen ba\u011f\u0131ml\u0131 bir enerji ithalat\u00e7\u0131s\u0131 olmaktan \u00e7\u0131k\u0131p, <strong>daha g\u00fc\u00e7l\u00fc, daha kontroll\u00fc ve daha \u00f6ng\u00f6r\u00fclebilir bir ekonomi modeline ge\u00e7mektedir.<\/strong><\/p>\n\n\n\n<p>Yat\u0131r\u0131m d\u00fcnyas\u0131nda bazen y\u00fczde y\u00fcz sonu\u00e7tan \u00e7ok, y\u00f6n de\u011fi\u015fikli\u011fi daha de\u011ferlidir.<\/p>\n\n\n\n<p>Ve burada y\u00f6n nettir:<\/p>\n\n\n\n<p><strong>T\u00fcrkiye g\u00fc\u00e7lenme y\u00f6n\u00fcnde ilerlemektedir.<\/strong><\/p>\n\n\n\n<p><strong>Peki Bunun <a href=\"https:\/\/omrantrk.com\/tr\/\">Gayrimenkul <\/a>Yat\u0131r\u0131mc\u0131s\u0131na Faydas\u0131 Nedir?<\/strong><\/p>\n\n\n\n<p>\u0130\u015fte bir\u00e7ok ki\u015finin ka\u00e7\u0131rd\u0131\u011f\u0131 en kritik ba\u011flant\u0131 tam burada ba\u015flar.<\/p>\n\n\n\n<p>Ekonomide g\u00f6r\u00fclen her yap\u0131sal iyile\u015fme;<\/p>\n\n\n\n<ul class=\"wp-block-list\">\n<li>Finansmana eri\u015fimi,<\/li>\n\n\n\n<li>\u0130n\u015faat maliyetlerini,<\/li>\n\n\n\n<li>T\u00fcketici g\u00fcvenini,<\/li>\n\n\n\n<li>Konut talebini do\u011frudan etkiler.<\/li>\n<\/ul>\n\n\n\n<p>Enerji maliyetlerinin dengelenmesi ve ekonomik istikrar\u0131n g\u00fc\u00e7lenmesi ise \u015fu sonu\u00e7lar\u0131 do\u011furur:<\/p>\n\n\n\n<ul class=\"wp-block-list\">\n<li>Yeni konut projelerinde art\u0131\u015f,<\/li>\n\n\n\n<li>Arsa de\u011ferlerinde y\u00fckseli\u015f,<\/li>\n\n\n\n<li>Kiral\u0131k ve sat\u0131l\u0131k konut talebinde b\u00fcy\u00fcme,<\/li>\n\n\n\n<li>Uzun vadede varl\u0131k fiyatlar\u0131n\u0131n g\u00fc\u00e7lenmesi.<\/li>\n<\/ul>\n\n\n\n<p>Yani do\u011fal gaz hamlesi ile gayrimenkul aras\u0131nda g\u00f6r\u00fcnmeyen ama \u00e7ok g\u00fc\u00e7l\u00fc bir ba\u011f vard\u0131r:<\/p>\n\n\n\n<p><strong>Ekonomik istikrar g\u00fc\u00e7lendik\u00e7e ta\u015f\u0131nmaz varl\u0131klar de\u011fer kazan\u0131r.<\/strong><\/p>\n\n\n\n<p><strong>F\u0131rsatlar Hangi \u015eehirlerde Daha Belirgin?<\/strong><\/p>\n\n\n\n<p>B\u00fcy\u00fcme merkezlerine yak\u0131n \u015fehirler bu s\u00fcre\u00e7ten her zaman daha h\u0131zl\u0131 etkilenir.<\/p>\n\n\n\n<p>\u00d6zellikle:<\/p>\n\n\n\n<ul class=\"wp-block-list\">\n<li>\u0130stanbul<\/li>\n\n\n\n<li>Yalova gibi stratejik lokasyonlar;<\/li>\n<\/ul>\n\n\n\n<ul class=\"wp-block-list\">\n<li>N\u00fcfus hareketi,<\/li>\n\n\n\n<li>Sanayi ba\u011flant\u0131s\u0131,<\/li>\n\n\n\n<li>Ula\u015f\u0131m avantaj\u0131,<\/li>\n\n\n\n<li>Ya\u015fam kalitesi sebebiyle yat\u0131r\u0131mc\u0131 i\u00e7in erken kazan\u00e7 b\u00f6lgeleridir.<\/li>\n<\/ul>\n\n\n\n<p>\u00d6zellikle Yalova:<\/p>\n\n\n\n<ul class=\"wp-block-list\">\n<li>\u0130stanbul\u2019a yak\u0131nl\u0131\u011f\u0131,<\/li>\n\n\n\n<li>H\u00e2l\u00e2 ula\u015f\u0131labilir fiyatlar\u0131,<\/li>\n\n\n\n<li>Turizm ve ya\u015fam potansiyeli,<\/li>\n\n\n\n<li>Yeni geli\u015fen konut projeleri<\/li>\n<\/ul>\n\n\n\n<p>ile \u00f6n\u00fcm\u00fczdeki y\u0131llar\u0131n dikkat \u00e7eken yat\u0131r\u0131m merkezlerinden biri olmaya devam etmektedir.<\/p>\n\n\n\n<p><strong>\u015eimdi Yat\u0131r\u0131m Yapmak Ak\u0131ll\u0131ca m\u0131?<\/strong><\/p>\n\n\n\n<p>Yat\u0131r\u0131m\u0131n temel bir kural\u0131 vard\u0131r:<\/p>\n\n\n\n<p><strong>Ger\u00e7ek kazan\u00e7, piyasa tamamen y\u00fckseldikten sonra de\u011fil; y\u00fckseli\u015fin i\u015faretleri belirdi\u011finde al\u0131nan pozisyonda olu\u015fur.<\/strong><\/p>\n\n\n\n<p>T\u00fcrk do\u011fal gaz\u0131 bize \u015funu s\u00f6yl\u00fcyor:<\/p>\n\n\n\n<ul class=\"wp-block-list\">\n<li>Ekonomi daha kontroll\u00fc bir zemine gidiyor,<\/li>\n\n\n\n<li>Enerji bask\u0131s\u0131 hafifliyor,<\/li>\n\n\n\n<li>Yat\u0131r\u0131m g\u00fcveni art\u0131yor,<\/li>\n\n\n\n<li>Ta\u015f\u0131nmaz piyasas\u0131 orta vadede g\u00fc\u00e7leniyor.<\/li>\n<\/ul>\n\n\n\n<p>Yani f\u0131rsat hen\u00fcz kapanm\u0131\u015f de\u011fil.<\/p>\n\n\n\n<p>Aksine, <strong>f\u0131rsat\u0131n hen\u00fcz ba\u015flang\u0131\u00e7 a\u015famas\u0131nday\u0131z.<\/strong><br><strong>Omran Trk ile G\u00fcvenli Yat\u0131r\u0131m<\/strong><\/p>\n\n\n\n<p>Omran TRK olarak biz piyasaya yaln\u0131zca bug\u00fcn\u00fcn fiyatlar\u0131yla bakm\u0131yoruz.<\/p>\n\n\n\n<p>Biz;<\/p>\n\n\n\n<ul class=\"wp-block-list\">\n<li>Ekonomi,<\/li>\n\n\n\n<li>Enerji,<\/li>\n\n\n\n<li>\u015eehirle\u015fme,<\/li>\n\n\n\n<li>N\u00fcfus hareketleri<\/li>\n\n\n\n<li>B\u00f6lgesel b\u00fcy\u00fcme verilerini birlikte okuyarak yat\u0131r\u0131mc\u0131lar\u0131m\u0131za en do\u011fru f\u0131rsatlar\u0131 sunuyoruz.<\/li>\n<\/ul>\n\n\n\n<p>Size yard\u0131mc\u0131 oluyoruz:<\/p>\n\n\n\n<ul class=\"wp-block-list\">\n<li>Do\u011fru lokasyonu se\u00e7mekte,<\/li>\n\n\n\n<li>Fiyatlar y\u00fckselmeden f\u0131rsat\u0131 yakalamakta,<\/li>\n\n\n\n<li>Uzun vadeli g\u00fcvenli getiri elde etmekte.<\/li>\n<\/ul>\n\n\n\n<p><strong>Sonu\u00e7<\/strong><\/p>\n\n\n\n<p>T\u00fcrk do\u011fal gaz\u0131 tek ba\u015f\u0131na bir mucize de\u011fildir.<\/p>\n\n\n\n<p>Ancak T\u00fcrkiye\u2019nin ekonomik ba\u011f\u0131ms\u0131zl\u0131\u011f\u0131na giden yolda en \u00f6nemli stratejik projelerden biridir.<\/p>\n\n\n\n<p>\u00d6n\u00fcm\u00fczdeki y\u0131llarda:<\/p>\n\n\n\n<ul class=\"wp-block-list\">\n<li>Ekonomik g\u00f6stergeler g\u00fc\u00e7lenecek,<\/li>\n\n\n\n<li>Baz\u0131 \u00fcretim maliyetleri azalacak,<\/li>\n\n\n\n<li>Yat\u0131r\u0131m g\u00fcveni artacak,<\/li>\n\n\n\n<li>Gayrimenkul f\u0131rsatlar\u0131 daha g\u00f6r\u00fcn\u00fcr hale gelecektir.<\/li>\n<\/ul>\n\n\n\n<p>T\u00fcrkiye ekonomisi bir gecede de\u011fi\u015fmez.<\/p>\n\n\n\n<p>Ama b\u00fcy\u00fck ekonomiler zaten bir gecede de\u011fil, <strong>do\u011fru ad\u0131mlar\u0131n birikmesiyle y\u00fckselir.<\/strong><\/p>\n\n\n\n<p>Ve bu ad\u0131mlar\u0131 erkenden okuyabilen yat\u0131r\u0131mc\u0131 <strong>kazanan tarafta yer al\u0131r.<\/strong><\/p>\n\n\n\n<p><strong>Yazar: Abd\u00fclaziz Ka\u015fifo\u011flu<\/strong><\/p>\n","protected":false},"excerpt":{"rendered":"<p>Son y\u0131llarda enerji konusu T\u00fcrkiye ekonomisindeki en kritik ba\u015fl\u0131klardan biri haline geldi. \u00d6zellikle Karadeniz\u2019de ke\u015ffedilen do\u011fal gaz rezervleriyle birlikte, enerji dosyas\u0131 yeniden yat\u0131r\u0131mc\u0131lar\u0131n ve ekonomistlerin g\u00fcndeminin merkezine yerle\u015fti. Ancak bug\u00fcn yat\u0131r\u0131mc\u0131lar\u0131n sordu\u011fu as\u0131l soru yaln\u0131zca \u015fu de\u011fil: \u201cT\u00fcrkiye do\u011fal gaz buldu mu?\u201d As\u0131l soru \u015fudur: \u201cBu geli\u015fme ekonomiye nas\u0131l yans\u0131yacak ve yat\u0131r\u0131m f\u0131rsatlar\u0131n\u0131 nas\u0131l etkileyecek?\u201d [&hellip;]<\/p>\n","protected":false},"author":2,"featured_media":30374,"comment_status":"open","ping_status":"open","sticky":false,"template":"","format":"standard","meta":{"_seopress_robots_primary_cat":"none","_seopress_titles_title":"T\u00fcrk Do\u011fal Gaz\u0131 T\u00fcrkiye Ekonomisinin Gelece\u011fini De\u011fi\u015ftirir mi? Peki Bunun Gayrimenkul Yat\u0131r\u0131m F\u0131rsatlar\u0131yla \u0130li\u015fkisi Nedir?","_seopress_titles_desc":"T\u00fcrk Do\u011fal Gaz\u0131 ve Ekonomik D\u00f6n\u00fc\u015f\u00fcm: Enerji Hamlesi Yat\u0131r\u0131m F\u0131rsatlar\u0131n\u0131 Nas\u0131l \u015eekillendiriyor?","_seopress_robots_index":"","footnotes":""},"categories":[272],"tags":[],"class_list":["post-30376","post","type-post","status-publish","format-standard","has-post-thumbnail","hentry","category-gayrimenkul"],"_links":{"self":[{"href":"https:\/\/omrantrk.com\/tr\/wp-json\/wp\/v2\/posts\/30376","targetHints":{"allow":["GET"]}}],"collection":[{"href":"https:\/\/omrantrk.com\/tr\/wp-json\/wp\/v2\/posts"}],"about":[{"href":"https:\/\/omrantrk.com\/tr\/wp-json\/wp\/v2\/types\/post"}],"author":[{"embeddable":true,"href":"https:\/\/omrantrk.com\/tr\/wp-json\/wp\/v2\/users\/2"}],"replies":[{"embeddable":true,"href":"https:\/\/omrantrk.com\/tr\/wp-json\/wp\/v2\/comments?post=30376"}],"version-history":[{"count":1,"href":"https:\/\/omrantrk.com\/tr\/wp-json\/wp\/v2\/posts\/30376\/revisions"}],"predecessor-version":[{"id":30379,"href":"https:\/\/omrantrk.com\/tr\/wp-json\/wp\/v2\/posts\/30376\/revisions\/30379"}],"wp:featuredmedia":[{"embeddable":true,"href":"https:\/\/omrantrk.com\/tr\/wp-json\/wp\/v2\/media\/30374"}],"wp:attachment":[{"href":"https:\/\/omrantrk.com\/tr\/wp-json\/wp\/v2\/media?parent=30376"}],"wp:term":[{"taxonomy":"category","embeddable":true,"href":"https:\/\/omrantrk.com\/tr\/wp-json\/wp\/v2\/categories?post=30376"},{"taxonomy":"post_tag","embeddable":true,"href":"https:\/\/omrantrk.com\/tr\/wp-json\/wp\/v2\/tags?post=30376"}],"curies":[{"name":"wp","href":"https:\/\/api.w.org\/{rel}","templated":true}]}}